{"id":297,"date":"2000-04-21T20:19:00","date_gmt":"2000-04-21T18:19:00","guid":{"rendered":"http:\/\/142006.w6.wedos.ws\/?p=297"},"modified":"2025-08-07T21:09:16","modified_gmt":"2025-08-07T19:09:16","slug":"297-2","status":"publish","type":"post","link":"https:\/\/www.deline.sk\/en\/297-2\/","title":{"rendered":"Jim"},"content":{"rendered":"\t\t<div data-elementor-type=\"wp-post\" data-elementor-id=\"297\" class=\"elementor elementor-297\" data-elementor-post-type=\"post\">\n\t\t\t\t<div class=\"elementor-element elementor-element-11e2437d e-flex e-con-boxed e-con e-parent\" data-id=\"11e2437d\" data-element_type=\"container\" data-e-type=\"container\">\n\t\t\t\t\t<div class=\"e-con-inner\">\n\t\t\t\t<div class=\"elementor-element elementor-element-6d655baa elementor-widget elementor-widget-text-editor\" data-id=\"6d655baa\" data-element_type=\"widget\" data-e-type=\"widget\" data-widget_type=\"text-editor.default\">\n\t\t\t\t\t\t\t\t\t<p><strong>Dea-Dro Jumper Jim<\/strong><\/p><p>[ICh. Hooper Black \u010cern\u00fd faunx Ch. Guste Black vom Hoesch]<br \/>Hned\u00fd ps\u00edk s bielymi znakmi, naroden\u00fd: 21.04.2000<br \/>Jimmy bol n\u00e1jden\u00fd na dia\u013enici. H\u013eadal nov\u00fd domov, a\u017e ho nakoniec na\u0161iel u n\u00e1s. Jimmy s nami str\u00e1vil svoju starobu.<\/p>\t\t\t\t\t\t\t\t<\/div>\n\t\t\t\t\t<\/div>\n\t\t\t\t<\/div>\n\t\t\t\t<\/div>\n\t\t","protected":false},"excerpt":{"rendered":"<p>Dea-Dro Jumper Jim [ICh. Hooper Black \u010cern\u00fd faunx Ch. Guste Black vom Hoesch]Hned\u00fd ps\u00edk s bielymi znakmi, naroden\u00fd: 21.04.2000Jimmy bol n\u00e1jden\u00fd na dia\u013enici. H\u013eadal nov\u00fd domov, a\u017e ho nakoniec na\u0161iel u n\u00e1s. Jimmy s nami str\u00e1vil svoju starobu.<\/p>\n","protected":false},"author":1,"featured_media":26348,"comment_status":"closed","ping_status":"closed","sticky":false,"template":"","format":"standard","meta":{"slim_seo":{"title":"Jim - D E L I N E","description":"Dea-Dro Jumper Jim [ICh. Hooper Black \u010cern\u00fd faunx Ch. Guste Black vom Hoesch] Hned\u00fd ps\u00edk s bielymi znakmi, naroden\u00fd: 21.04.2000 Jimmy bol n\u00e1jden\u00fd na dia\u013enici. H"},"footnotes":""},"categories":[8],"tags":[],"class_list":["post-297","post","type-post","status-publish","format-standard","has-post-thumbnail","hentry","category-spominame"],"_links":{"self":[{"href":"https:\/\/www.deline.sk\/en\/wp-json\/wp\/v2\/posts\/297","targetHints":{"allow":["GET"]}}],"collection":[{"href":"https:\/\/www.deline.sk\/en\/wp-json\/wp\/v2\/posts"}],"about":[{"href":"https:\/\/www.deline.sk\/en\/wp-json\/wp\/v2\/types\/post"}],"author":[{"embeddable":true,"href":"https:\/\/www.deline.sk\/en\/wp-json\/wp\/v2\/users\/1"}],"replies":[{"embeddable":true,"href":"https:\/\/www.deline.sk\/en\/wp-json\/wp\/v2\/comments?post=297"}],"version-history":[{"count":0,"href":"https:\/\/www.deline.sk\/en\/wp-json\/wp\/v2\/posts\/297\/revisions"}],"wp:featuredmedia":[{"embeddable":true,"href":"https:\/\/www.deline.sk\/en\/wp-json\/wp\/v2\/media\/26348"}],"wp:attachment":[{"href":"https:\/\/www.deline.sk\/en\/wp-json\/wp\/v2\/media?parent=297"}],"wp:term":[{"taxonomy":"category","embeddable":true,"href":"https:\/\/www.deline.sk\/en\/wp-json\/wp\/v2\/categories?post=297"},{"taxonomy":"post_tag","embeddable":true,"href":"https:\/\/www.deline.sk\/en\/wp-json\/wp\/v2\/tags?post=297"}],"curies":[{"name":"wp","href":"https:\/\/api.w.org\/{rel}","templated":true}]}}