{"id":225,"date":"1996-05-15T15:35:00","date_gmt":"1996-05-15T13:35:00","guid":{"rendered":"http:\/\/142006.w6.wedos.ws\/?p=225"},"modified":"2025-08-07T18:31:20","modified_gmt":"2025-08-07T16:31:20","slug":"benji","status":"publish","type":"post","link":"https:\/\/www.deline.sk\/en\/benji\/","title":{"rendered":"Benji"},"content":{"rendered":"<div data-elementor-type=\"wp-post\" data-elementor-id=\"225\" class=\"elementor elementor-225\" data-elementor-post-type=\"post\">\n\t\t\t\t<div class=\"elementor-element elementor-element-a085508 e-flex e-con-boxed e-con e-parent\" data-id=\"a085508\" data-element_type=\"container\" data-e-type=\"container\">\n\t\t\t\t\t<div class=\"e-con-inner\">\n\t\t\t\t<div class=\"elementor-element elementor-element-65992440 elementor-widget elementor-widget-text-editor\" data-id=\"65992440\" data-element_type=\"widget\" data-e-type=\"widget\" data-widget_type=\"text-editor.default\">\n\t\t\t\t\t\t\t\t\t<p>Benji was a black cocker spaniel that I had spent more than half of my life with. I got him from my mom in the summer of 1996.<\/p><p>He was no longer a tiny puppy, but he had had several unpleasant experiences. The doctor saved him from being euthanized (they said no one wanted him anymore because he wasn't tiny). We were just looking for a dog.<br \/>He was my companion when I was studying, on walks, or wandering around the city. He didn't like Easter bunnies and loved everything that could be eaten and didn't miss a beat (like a true Cocker Spaniel).<br \/>He was a great support to me in the most difficult times. Benjinko, you will remain with us forever in our hearts!<\/p><p>15.05.1996 \u2013 07.11.2010<\/p>\t\t\t\t\t\t\t\t<\/div>\n\t\t\t\t\t<\/div>\n\t\t\t\t<\/div>\n\t\t\t\t<\/div>","protected":false},"excerpt":{"rendered":"<p>Benjinko bol \u010dierny kokr\u00edk, s ktor\u00fdm som str\u00e1vila viac ako polovicu m\u00f4jho doteraj\u0161ieho \u017eivota. Dostala som ho od maminy v lete, v roku 1996. U\u017e nebol mali\u010dk\u00e9 \u0161teniatko, ale mal za sebou viacero nepr\u00edjemn\u00fdch sk\u00fasenost\u00ed. Doktor ho zachr\u00e1nil pred utraten\u00edm (vraj ho u\u017e nik nechcel, lebo nebol mali\u010dk\u00fd). My sme pr\u00e1ve h\u013eadali nejakeho ps\u00edka.Robil mi [&hellip;]<\/p>\n","protected":false},"author":1,"featured_media":26312,"comment_status":"closed","ping_status":"closed","sticky":false,"template":"","format":"standard","meta":{"slim_seo":{"title":"Benji - D E L I N E","description":"Benjinko bol \u010dierny kokr\u00edk, s ktor\u00fdm som str\u00e1vila viac ako polovicu m\u00f4jho doteraj\u0161ieho \u017eivota. Dostala som ho od maminy v lete, v roku 1996. U\u017e nebol mali\u010dk\u00e9 \u0161t"},"footnotes":""},"categories":[8],"tags":[],"class_list":["post-225","post","type-post","status-publish","format-standard","has-post-thumbnail","hentry","category-spominame"],"_links":{"self":[{"href":"https:\/\/www.deline.sk\/en\/wp-json\/wp\/v2\/posts\/225","targetHints":{"allow":["GET"]}}],"collection":[{"href":"https:\/\/www.deline.sk\/en\/wp-json\/wp\/v2\/posts"}],"about":[{"href":"https:\/\/www.deline.sk\/en\/wp-json\/wp\/v2\/types\/post"}],"author":[{"embeddable":true,"href":"https:\/\/www.deline.sk\/en\/wp-json\/wp\/v2\/users\/1"}],"replies":[{"embeddable":true,"href":"https:\/\/www.deline.sk\/en\/wp-json\/wp\/v2\/comments?post=225"}],"version-history":[{"count":0,"href":"https:\/\/www.deline.sk\/en\/wp-json\/wp\/v2\/posts\/225\/revisions"}],"wp:featuredmedia":[{"embeddable":true,"href":"https:\/\/www.deline.sk\/en\/wp-json\/wp\/v2\/media\/26312"}],"wp:attachment":[{"href":"https:\/\/www.deline.sk\/en\/wp-json\/wp\/v2\/media?parent=225"}],"wp:term":[{"taxonomy":"category","embeddable":true,"href":"https:\/\/www.deline.sk\/en\/wp-json\/wp\/v2\/categories?post=225"},{"taxonomy":"post_tag","embeddable":true,"href":"https:\/\/www.deline.sk\/en\/wp-json\/wp\/v2\/tags?post=225"}],"curies":[{"name":"wp","href":"https:\/\/api.w.org\/{rel}","templated":true}]}}